{"id":3096,"date":"2023-04-07T16:33:16","date_gmt":"2023-04-07T15:33:16","guid":{"rendered":"https:\/\/qbryg.pl\/?p=3096"},"modified":"2026-04-05T07:29:30","modified_gmt":"2026-04-05T06:29:30","slug":"walne-zebranie-czlonkow-stowarzyszenia-swidnicki-klub-zeglarski-qbryg-21-kwietnia-2023-o-1800","status":"publish","type":"post","link":"https:\/\/qbryg.pl\/?p=3096","title":{"rendered":"Walne Zebranie Cz\u0142onk\u00f3w Stowarzyszenia \u015awidnicki Klub \u017beglarski \u201eQBRYG\u201d \u2013 21 kwietnia 2023 o 18:00"},"content":{"rendered":"\n<p>Kole\u017canki i Koledzy \u017beglarze, cz\u0142onkowie Stowarzyszenia \u015awidnicki Klub \u017beglarski QBRYG!<\/p>\n\n\n\n<p>Informujemy i\u017c Walne Zebranie odb\u0119dzie si\u0119 w pi\u0105tek 21 kwietnia 2023 roku o godzinie 18:00 w siedzibie klubu. W przypadku braku kworum zgromadzenie odb\u0119dzie si\u0119 tego samego dnia o godzinie 19:00 bez wzgl\u0119du na liczb\u0119 obecnych cz\u0142onk\u00f3w.<\/p>\n\n\n\n<p><strong>Szczeg\u00f3\u0142y zwi\u0105zane z organizacj\u0105 b\u0119d\u0105 podane p\u00f3\u017aniej i b\u0119d\u0105 zwi\u0105zane z aktualnie obowi\u0105zuj\u0105cymi wytycznymi przeciwepidemicznymi.<\/strong><\/p>\n\n\n\n<p>Proponowany Porz\u0105dek Obrad :<\/p>\n\n\n\n<p>1. Otwarcie posiedzenia.<\/p>\n\n\n\n<p>2.&nbsp; Stwierdzenie prawid\u0142owo\u015bci&nbsp; zwo\u0142ania Walnego Zebrania&nbsp; zdolno\u015bci do podejmowania uchwa\u0142.<\/p>\n\n\n\n<p>3. Wyb\u00f3r przewodnicz\u0105cego i Sekretarza Walnego Zebrania.<\/p>\n\n\n\n<p>4. Przyj\u0119cie porz\u0105dku obrad.<\/p>\n\n\n\n<p>5. Powo\u0142anie i wyb\u00f3r cz\u0142onk\u00f3w komisji skrutacyjnej.<\/p>\n\n\n\n<p>6. Przedstawienie i zatwierdzenie sprawozdania Komisji Rewizyjnej.<\/p>\n\n\n\n<p>7. Udzielenie absolutorium cz\u0142onkom Komisji Rewizyjnej.<\/p>\n\n\n\n<p>8. Przedstawienie sprawozdania Zarz\u0105du za 2022 r.<\/p>\n\n\n\n<p>\u2013 sprawozdanie Zarz\u0105du z dzia\u0142alno\u015bci<\/p>\n\n\n\n<p>\u2013 sprawozdanie finansowe wraz z informacj\u0105 dodatkow\u0105.<\/p>\n\n\n\n<p>9. Zatwierdzenie sprawozdania z dzia\u0142alno\u015bci Zarz\u0105du za 2022 r.<\/p>\n\n\n\n<p>10. Zatwierdzenie sprawozdania finansowego za 2022 r.<\/p>\n\n\n\n<p>11. Udzielenie absolutorium cz\u0142onkom Zarz\u0105du.<\/p>\n\n\n\n<p>12. Przedstawienie projektu planu pracy Stowarzyszenia i planu finansowego na rok 2023.<\/p>\n\n\n\n<p>13. Zatwierdzenie planu pracy Stowarzyszenia i planu finansowego na rok 2023.<\/p>\n\n\n\n<p>14. Sprawy r\u00f3\u017cne, rozmowy o ewentualnych zmianach w statucie.<\/p>\n\n\n\n<p>15. Zako\u0144czenie obrad.<\/p>\n\n\n\n<p>Przed spotkaniem&nbsp; prosz\u0119 o uregulowanie zaleg\u0142ych sk\u0142adek cz\u0142onkowskich, nr rachunku Stowarzyszenia w PKO BP SA<\/p>\n\n\n\n<p>Nr. 33 1020 5138 0000 9702 0087 1665 lub podczas zebrania got\u00f3wk\u0105 u Skarbnika.<\/p>\n\n\n\n<p>Z \u017ceglarskim&nbsp; pozdrowieniem,<\/p>\n\n\n\n<p>W imieniu Klubu<\/p>\n\n\n\n<p>kmdr S\u015aK\u017b \u201eQBRYG\u201d S\u0142awomir Bali\u0144ski<\/p>\n\n\n\n<p><strong>Osoby kt\u00f3re nie op\u0142aci\u0142y sk\u0142adek wzywa si\u0119 do uregulowania zaleg\u0142ych sk\u0142adek cz\u0142onkowskich do 21.04.2023. Wysoko\u015b\u0107 sk\u0142adki wynosi 200 z\u0142 rocznie. Nie dotyczy to cz\u0142onk\u00f3w honorowych i wspieraj\u0105cych, kt\u00f3rzy nie p\u0142ac\u0105 sk\u0142adek.<\/strong><\/p>\n","protected":false},"excerpt":{"rendered":"<p>Kole\u017canki i Koledzy \u017beglarze, cz\u0142onkowie Stowarzyszenia \u015awidnicki Klub \u017beglarski QBRYG! Informujemy i\u017c Walne Zebranie odb\u0119dzie si\u0119 w pi\u0105tek 21 kwietnia 2023 roku o godzinie 18:00 w siedzibie klubu. W przypadku braku kworum zgromadzenie odb\u0119dzie si\u0119 tego samego dnia o godzinie 19:00 bez wzgl\u0119du na liczb\u0119 obecnych cz\u0142onk\u00f3w. Szczeg\u00f3\u0142y zwi\u0105zane z organizacj\u0105 b\u0119d\u0105 podane p\u00f3\u017aniej i &#8230; <a title=\"Walne Zebranie Cz\u0142onk\u00f3w Stowarzyszenia \u015awidnicki Klub \u017beglarski \u201eQBRYG\u201d \u2013 21 kwietnia 2023 o 18:00\" class=\"read-more\" href=\"https:\/\/qbryg.pl\/?p=3096\" aria-label=\"Dowiedz si\u0119 wi\u0119cej o Walne Zebranie Cz\u0142onk\u00f3w Stowarzyszenia \u015awidnicki Klub \u017beglarski \u201eQBRYG\u201d \u2013 21 kwietnia 2023 o 18:00\">Dowiedz si\u0119 wi\u0119cej<\/a><\/p>\n","protected":false},"author":2,"featured_media":0,"comment_status":"closed","ping_status":"open","sticky":false,"template":"","format":"standard","meta":{"footnotes":""},"categories":[4],"tags":[],"class_list":["post-3096","post","type-post","status-publish","format-standard","hentry","category-info"],"_links":{"self":[{"href":"https:\/\/qbryg.pl\/index.php?rest_route=\/wp\/v2\/posts\/3096","targetHints":{"allow":["GET"]}}],"collection":[{"href":"https:\/\/qbryg.pl\/index.php?rest_route=\/wp\/v2\/posts"}],"about":[{"href":"https:\/\/qbryg.pl\/index.php?rest_route=\/wp\/v2\/types\/post"}],"author":[{"embeddable":true,"href":"https:\/\/qbryg.pl\/index.php?rest_route=\/wp\/v2\/users\/2"}],"replies":[{"embeddable":true,"href":"https:\/\/qbryg.pl\/index.php?rest_route=%2Fwp%2Fv2%2Fcomments&post=3096"}],"version-history":[{"count":2,"href":"https:\/\/qbryg.pl\/index.php?rest_route=\/wp\/v2\/posts\/3096\/revisions"}],"predecessor-version":[{"id":3099,"href":"https:\/\/qbryg.pl\/index.php?rest_route=\/wp\/v2\/posts\/3096\/revisions\/3099"}],"wp:attachment":[{"href":"https:\/\/qbryg.pl\/index.php?rest_route=%2Fwp%2Fv2%2Fmedia&parent=3096"}],"wp:term":[{"taxonomy":"category","embeddable":true,"href":"https:\/\/qbryg.pl\/index.php?rest_route=%2Fwp%2Fv2%2Fcategories&post=3096"},{"taxonomy":"post_tag","embeddable":true,"href":"https:\/\/qbryg.pl\/index.php?rest_route=%2Fwp%2Fv2%2Ftags&post=3096"}],"curies":[{"name":"wp","href":"https:\/\/api.w.org\/{rel}","templated":true}]}}